{"id":10507,"date":"2020-01-07T12:27:49","date_gmt":"2020-01-07T12:27:49","guid":{"rendered":"http:\/\/www.icpartners.it\/?p=10507"},"modified":"2020-01-08T12:18:00","modified_gmt":"2020-01-08T12:18:00","slug":"crescere-allestero-con-i-contributi-a-fondo-perduto-della-regione-veneto","status":"publish","type":"post","link":"https:\/\/www.icpartners.it\/en\/crescere-allestero-con-i-contributi-a-fondo-perduto-della-regione-veneto\/","title":{"rendered":"Crescere all\u2019estero con i contributi a fondo perduto della Regione Veneto"},"content":{"rendered":"<p>Le aziende della Regione Veneto che intendono sviluppare il proprio business all\u2019estero hanno da oggi la possibilit\u00e0 di ricevere un contributo a fondo perduto pari al 50% della spesa grazie al bando\u00a0POR FESR 2014-2020. Asse 3. Azione 3.4.2. \u201c<strong>Incentivi all\u2019acquisto di servizi di supporto all\u2019internazionalizzazione in favore delle PMI<\/strong>\u201d.<\/p>\n\n\n\n<p>Infatti sono state messe\nin campo nuove risorse a supporto delle&nbsp;<em>imprese locali<\/em>&nbsp;che\nsiano:<\/p>\n\n\n\n<ul class=\"wp-block-list\"><li>PMI<\/li><li>Aggregazione di PMI: consorzi, contratti di rete soggetto, societ\u00e0\nconsortili, societ\u00e0 cooperative<\/li><\/ul>\n\n\n\n<blockquote class=\"wp-block-quote is-layout-flow wp-block-quote-is-layout-flow\"><p><strong><em>L\u2019obiettivo del bando \u00e8 finanziare progetti di crescita sui mercati esteri da parte delle PMI Venete.<\/em><\/strong><\/p><\/blockquote>\n\n\n\n<p> E&#8217; possibile ottenere il contributo a fondo perduto per le seguenti spese:<\/p>\n\n\n\n<ul class=\"wp-block-list\"><li><em>consulenz<\/em>e&nbsp;specialistiche relative allo sviluppo del business all&#8217;estero;<\/li><li><em>affiancamento del Temporary Export Manager accreditato<\/em>;<\/li><li><em>ricerca di agenti\/distributori<\/em> esteri;<\/li><li>partecipazione a&nbsp;<em>fiere<\/em>;<\/li><li>pianificazione <em>di azioni di incoming;<\/em> <\/li><li>analisi      degli aspetti legati alla fiscalit\u00e0, agli aspetti tecnici doganali,      legislativi e giuridici.<\/li><\/ul>\n\n\n\n<p>Il<em> fondo perduto \u00e8 fino\nal 50% delle spese.<\/em><\/p>\n\n\n\n<p><em>Le adesioni possono essere presentate dal 24 febbraio e fino al 19 marzo. <\/em><\/p>\n\n\n\n<p>Approfitta di questa\nopportunit\u00e0 e contatta subito i nostri esperti per partecipare al bando e per\nstabilire insieme come strutturare un piano di sviluppo internazionale.<\/p>\n\n\n\n<blockquote class=\"wp-block-quote is-layout-flow wp-block-quote-is-layout-flow\"><p><strong>IC&amp;Partners SpA<\/strong> \u00e8 societ\u00e0 di TEM accreditata dal MISE ed \u00e8 presente nell\u2019albo fornitori della regione Veneto (<a href=\"https:\/\/www.innoveneto.org\/php\/schedaCITT.php?citt=736\">qui<\/a>)<\/p><\/blockquote>\n\n\n\n<p><em>Abbiamo <a rel=\"noreferrer noopener\" aria-label=\"27 sedi nel mondo (opens in a new tab)\" href=\"https:\/\/www.icpartners.it\/en\/ic-partners-nel-mondo\/\" target=\"_blank\">27 sedi nel mondo<\/a> ed aiutiamo le PMI a crescere nei mercati internazionali con <\/em><strong>progetti su misura<\/strong><em>: supportiamo le imprese nel processo di definizione della strategia di internazionalizzazione, individuando le migliori opportunit\u00e0 di sviluppo, strutturando gli aspetti fiscali, doganali, legislativi e ricerchiamo agenti e distributori all&#8217;estero.<\/em><\/p>\n\n\n\n<p><em>Il nostro team di esperti di contributi, inoltre, aiuta a reperire, le migliori fonti di finanziamento per il progetto che si intende realizzare.<\/em><\/p>\n\n\n\n<blockquote class=\"wp-block-quote is-layout-flow wp-block-quote-is-layout-flow\"><p><em>Richiedi maggiori informazioni <a href=\"https:\/\/share.hsforms.com\/1w1UDjqoCS82GncvBdTPk7A3b2st\">cliccando qui<\/a><\/em><\/p><\/blockquote>\n\n\n\n<p><em>Fonte: Regione Veneto elaborazioni IC&amp;Partners<\/em><\/p>","protected":false},"excerpt":{"rendered":"<p>Le aziende della Regione Veneto che intendono sviluppare il proprio business all\u2019estero hanno da oggi la possibilit\u00e0 di ricevere un contributo a fondo perduto pari al 50% della spesa grazie al bando\u00a0POR FESR 2014-2020. Asse 3. Azione 3.4.2. \u201cIncentivi all\u2019acquisto di servizi di supporto all\u2019internazionalizzazione&#8230;<\/p>","protected":false},"author":1,"featured_media":10510,"comment_status":"open","ping_status":"open","sticky":false,"template":"","format":"standard","meta":{"content-type":"","footnotes":""},"categories":[252,217],"tags":[664,790,793,787,763],"class_list":["post-10507","post","type-post","status-publish","format-standard","has-post-thumbnail","hentry","category-italia","category-news","tag-contributi-a-fondo-perduto","tag-contributi-per-fiere","tag-contributi-tem","tag-regione-veneto-contributi-export","tag-tem"],"_links":{"self":[{"href":"https:\/\/www.icpartners.it\/en\/wp-json\/wp\/v2\/posts\/10507","targetHints":{"allow":["GET"]}}],"collection":[{"href":"https:\/\/www.icpartners.it\/en\/wp-json\/wp\/v2\/posts"}],"about":[{"href":"https:\/\/www.icpartners.it\/en\/wp-json\/wp\/v2\/types\/post"}],"author":[{"embeddable":true,"href":"https:\/\/www.icpartners.it\/en\/wp-json\/wp\/v2\/users\/1"}],"replies":[{"embeddable":true,"href":"https:\/\/www.icpartners.it\/en\/wp-json\/wp\/v2\/comments?post=10507"}],"version-history":[{"count":9,"href":"https:\/\/www.icpartners.it\/en\/wp-json\/wp\/v2\/posts\/10507\/revisions"}],"predecessor-version":[{"id":10579,"href":"https:\/\/www.icpartners.it\/en\/wp-json\/wp\/v2\/posts\/10507\/revisions\/10579"}],"wp:featuredmedia":[{"embeddable":true,"href":"https:\/\/www.icpartners.it\/en\/wp-json\/wp\/v2\/media\/10510"}],"wp:attachment":[{"href":"https:\/\/www.icpartners.it\/en\/wp-json\/wp\/v2\/media?parent=10507"}],"wp:term":[{"taxonomy":"category","embeddable":true,"href":"https:\/\/www.icpartners.it\/en\/wp-json\/wp\/v2\/categories?post=10507"},{"taxonomy":"post_tag","embeddable":true,"href":"https:\/\/www.icpartners.it\/en\/wp-json\/wp\/v2\/tags?post=10507"}],"curies":[{"name":"wp","href":"https:\/\/api.w.org\/{rel}","templated":true}]}}