{"id":11713,"date":"2021-07-09T07:02:00","date_gmt":"2021-07-09T05:02:00","guid":{"rendered":"http:\/\/www.icpartners.it\/?p=11713"},"modified":"2021-07-09T09:38:15","modified_gmt":"2021-07-09T07:38:15","slug":"bosnia-ed-erzegovina-coronavirus","status":"publish","type":"post","link":"https:\/\/www.icpartners.it\/en\/bosnia-ed-erzegovina-coronavirus\/","title":{"rendered":"Bosnia ed Erzegovina, Coronavirus: aggiornamenti dalla nostra sede"},"content":{"rendered":"<p>Nell\u2019ultimo periodo in Bosnia la situazione causata della pandemia COVID-19 \u00e8 molto stabile e il numero di contagi \u00e8 in calo. \u00c8 iniziata la vaccinazione per i gruppi speciali mentre a causa di conflitti politici non \u00e8 ancora chiaro quando e come inizier\u00e0 la vaccinazione di massa. Molti cittadini dell\u2019entit\u00e0 della Repubblica Srpska hanno la doppia cittadinanza sia bosniaca che serba, il che permette loro di andare a vaccinarsi in Serbia, fatto che sicuramente aiuta nell&#8217;incremento della percentuale di vaccinati.<\/p>\r\n<p>Il numero complessivo di casi attivi \u00e8 10.820.<\/p>\r\n<p>Dato che la situazione pandemica \u00e8 stabile , il Consiglio Europeo ha categorizzato la Bosnia ed Erzegovina \u00a0nella \u201e<strong>zona verde\u201c, il che significa <\/strong>che il tasso dei casi registrati negli ultimi 14 giorni \u00e8 inferiore a 50\u00a0 e il tasso di positivit\u00e0 dei test \u00e8 inferiore al 4%, oppure che il tasso dei casi registrati negli ultimi 14 giorni \u00e8 inferiore a 75 e il tasso di positivit\u00e0 dei test \u00e8 inferiore all&#8217;1%.<\/p>\r\n<p>Dato che la raccomandazione del Consiglio non \u00e8 uno strumento giuridicamente vincolante, le autorit\u00e0 degli Stati membri rimangono responsabili dell&#8217;attuazione del contenuto della raccomandazione per cui alcuni paesi Europei tra i quali l&#8217;Italia non hanno ancora aperto totalmente i loro confini \u00a0mentre altri\u00a0 come ad esempio Slovenia, Austria o Germania hanno permesso l&#8217;entrata di cittadini bosniaci se vaccinati\u00a0 o con test PCR o antigene negativo.<\/p>\r\n<p>Per quando riguarda l\u2019entrata in Bosnia, attualmente i confini sono aperti per i cittadini di Croazia, Serbia e Montenegro senza nessuna condizione. <strong>Dal 16.07.2020, i cittadini dell&#8217;Unione Europea e dei paesi Schengen possono\u00a0 entrare nella Bosnia ed Erzegovina senza precisare la motivazione di entrata presentando in frontiera il test PCR negativo del virus SARS-COV-2 che non deve avere pi\u00f9 di 48 ore.\u00a0 Il Consiglio dei ministri bosniaci nella sua ultima seduta non ha modificato questa regola per la mancanza della maggioranza dei voti, per cui\u00a0 rimane\u00a0<\/strong><strong>ancora <\/strong><strong>vigente l\u2019entrata per gli stranieri con PCR test.<\/strong><\/p>\r\n<p>Per gli spostamenti da e per l\u2019Italia a <a href=\"https:\/\/www.esteri.it\/mae\/it\/ministero\/normativaonline\/decreto-iorestoacasa-domande-frequenti\/focus-cittadini-italiani-in-rientro-dall-estero-e-cittadini-stranieri-in-italia.html?fbclid=IwAR0p56fqZTA313aRButweZr1gddc-7W801QoBepDdlkganhoPmr1xzMka6M\">questo link<\/a> si trovano delle informazioni utili \u00a0\/ <a href=\"http:\/\/www.esteri.it\">www.esteri.it<\/a>.<\/p>\r\n<p>Le misure che sono ancora vigenti nel territorio della Bosnia ed Erzegovina sono le seguenti:<\/p>\r\n<ul>\r\n<li>Nella Repubblica Srpska, l\u2019orario di apertura delle strutture di ristorazione \u00e8 vietato dalle ore 24 alle 06.;<\/li>\r\n<li>In Republika Srpska, sono vietati eventi pubblici con oltre 120 persone nei luoghi aperti\u00a0 e gli eventi privati di oltre 70 persone mentre in Federazione BiH sono vietati eventi pubblici con oltre 100 persone nei luoghi aperti\u00a0 e gli eventi privati di oltre\u00a0 50 persone;<\/li>\r\n<li>Per quanto riguarda le misure sanitarie, \u00e8 obbligatorio l&#8217;uso di una maschera protettiva nei posti\u00a0 chiusi, nonch\u00e9 una distanza sociale di almeno 2 m nelle aree pubbliche e nelle strutture chiuse;\u00a0<\/li>\r\n<li>Rimane l&#8217;obbligo di disinfezione regolare dei soggetti che lavorano direttamente con il pubblico e ove possibile assicurare il lavoro a sportello. \u00c9 limitato il numero di persone che possono entrare contemporaneamente nei locali della pubblica amministrazione.<\/li>\r\n<\/ul>\r\n\r\n\r\n\r\n\r\n\r\n<p>IC&amp;Partners Banja Luka \u00e8 operativa e a disposizione dei clienti.<\/p>\r\n\r\n\r\n\r\n\r\n\r\n<p class=\"has-text-align-center\">Desideri sapere come operare o continuare ad operare in questo Paese?<\/p>\r\n\r\n\r\n\r\n<p class=\"has-text-align-center\">Vuoi limitare al massimo lo spostamento dei tuoi export manager?<\/p>\r\n\r\n\r\n\r\n<p>Il\u00a0<strong><em>business al tempo della cris<\/em><\/strong>i pu\u00f2 essere risollevato in due modi:<\/p>\r\n\r\n\r\n\r\n<ul class=\"wp-block-list\">\r\n<li><strong>Off line,\u00a0<\/strong>con i nostri\u00a0<strong>Temporary Resident Export Manag<\/strong>er \u2013 Manager locali che operano direttamente dalle nostre sedi estere<\/li>\r\n<li><strong>On line<\/strong>: con le piattaforme Ecommerce e le Fiere Virtuali.<\/li>\r\n<\/ul>\r\n\r\n\r\n\r\n<p>Contattaci per maggiori dettagli.<\/p>\r\n\r\n\r\n\r\n<p>IC&amp;Partners mette a disposizione videocall con i nostri esperti locali per tematiche:\u00a0<strong>fiscali, societarie, finanziarie, commerciali.<\/strong>\u00a0Se vuoi saperne di pi\u00f9 compila il\u00a0<a href=\"https:\/\/share.hsforms.com\/11JYETXMPQSWzLleazOIDGQ3b2st\">form<\/a>\u00a0e sarai ricontattato da un nostro esperto.<\/p>\r\n\r\n\r\n\r\n<p>Fonte: IC&amp;Partners Banja Luka, news@icpartners.it<\/p>\r\n<p>&nbsp;<\/p>\r\n<p><strong>Guarda ora Export Talks \u2013 Focus Bosnia ed Erzegovina presente sul nostro canale YouTube<\/strong><\/p>\r\n\r\n<p><iframe loading=\"lazy\" src=\"https:\/\/www.youtube.com\/embed\/7FWEGeqNsc8\" width=\"560\" height=\"315\" frameborder=\"0\" allowfullscreen=\"allowfullscreen\"><\/iframe><\/p>","protected":false},"excerpt":{"rendered":"<p>Nell\u2019ultimo periodo in Bosnia la situazione causata della pandemia COVID-19 \u00e8 molto stabile e il numero di contagi \u00e8 in calo. \u00c8 iniziata la vaccinazione per i gruppi speciali mentre a causa di conflitti politici non \u00e8 ancora chiaro quando e come inizier\u00e0 la vaccinazione&#8230;<\/p>","protected":false},"author":1,"featured_media":11716,"comment_status":"open","ping_status":"open","sticky":false,"template":"","format":"standard","meta":{"content-type":"","footnotes":""},"categories":[245,217],"tags":[1069,1072],"class_list":["post-11713","post","type-post","status-publish","format-standard","has-post-thumbnail","hentry","category-bosnia-ed-erzegovina","category-news","tag-bosina-ed-erzigovina-coronavirus","tag-covid19-bosnia-ed-erzigovina"],"_links":{"self":[{"href":"https:\/\/www.icpartners.it\/en\/wp-json\/wp\/v2\/posts\/11713","targetHints":{"allow":["GET"]}}],"collection":[{"href":"https:\/\/www.icpartners.it\/en\/wp-json\/wp\/v2\/posts"}],"about":[{"href":"https:\/\/www.icpartners.it\/en\/wp-json\/wp\/v2\/types\/post"}],"author":[{"embeddable":true,"href":"https:\/\/www.icpartners.it\/en\/wp-json\/wp\/v2\/users\/1"}],"replies":[{"embeddable":true,"href":"https:\/\/www.icpartners.it\/en\/wp-json\/wp\/v2\/comments?post=11713"}],"version-history":[{"count":40,"href":"https:\/\/www.icpartners.it\/en\/wp-json\/wp\/v2\/posts\/11713\/revisions"}],"predecessor-version":[{"id":15426,"href":"https:\/\/www.icpartners.it\/en\/wp-json\/wp\/v2\/posts\/11713\/revisions\/15426"}],"wp:featuredmedia":[{"embeddable":true,"href":"https:\/\/www.icpartners.it\/en\/wp-json\/wp\/v2\/media\/11716"}],"wp:attachment":[{"href":"https:\/\/www.icpartners.it\/en\/wp-json\/wp\/v2\/media?parent=11713"}],"wp:term":[{"taxonomy":"category","embeddable":true,"href":"https:\/\/www.icpartners.it\/en\/wp-json\/wp\/v2\/categories?post=11713"},{"taxonomy":"post_tag","embeddable":true,"href":"https:\/\/www.icpartners.it\/en\/wp-json\/wp\/v2\/tags?post=11713"}],"curies":[{"name":"wp","href":"https:\/\/api.w.org\/{rel}","templated":true}]}}